{"id":590,"date":"2025-02-07T20:30:10","date_gmt":"2025-02-07T19:30:10","guid":{"rendered":"https:\/\/photosnum.com\/photosnum\/?p=590"},"modified":"2025-02-07T20:30:11","modified_gmt":"2025-02-07T19:30:11","slug":"parc-des-felins-2025","status":"publish","type":"post","link":"https:\/\/photosnum.com\/photosnum\/2025\/02\/07\/parc-des-felins-2025\/","title":{"rendered":"Parc des f\u00e9lins 2025"},"content":{"rendered":"\n<p>R\u00e9ouverture du parc des f\u00e9lins 2025.<\/p>\n\n\n\n<p>L&rsquo;impression est bizarre avec tous ces arbres \u00e0 terre. C&rsquo;est un tout nouveau visage pour ce parc.<\/p>\n\n\n\n<p>Pauvre Sacha qui semble bien seul dans son enclos.<\/p>\n\n\n\n<figure class=\"wp-block-gallery has-nested-images columns-1 is-cropped wp-block-gallery-1 is-layout-flex wp-block-gallery-is-layout-flex\">\n<figure class=\"wp-block-image size-full\"><img loading=\"lazy\" decoding=\"async\" width=\"2560\" height=\"1707\" data-id=\"588\" src=\"https:\/\/photosnum.com\/photosnum\/wp-content\/uploads\/2025\/02\/PDF-2025-02-07-15-55-26-01059-Par-David-Moret-scaled.jpg\" alt=\"\" class=\"wp-image-588\" srcset=\"https:\/\/photosnum.com\/photosnum\/wp-content\/uploads\/2025\/02\/PDF-2025-02-07-15-55-26-01059-Par-David-Moret-scaled.jpg 2560w, https:\/\/photosnum.com\/photosnum\/wp-content\/uploads\/2025\/02\/PDF-2025-02-07-15-55-26-01059-Par-David-Moret-300x200.jpg 300w, https:\/\/photosnum.com\/photosnum\/wp-content\/uploads\/2025\/02\/PDF-2025-02-07-15-55-26-01059-Par-David-Moret-1024x683.jpg 1024w, https:\/\/photosnum.com\/photosnum\/wp-content\/uploads\/2025\/02\/PDF-2025-02-07-15-55-26-01059-Par-David-Moret-768x512.jpg 768w, https:\/\/photosnum.com\/photosnum\/wp-content\/uploads\/2025\/02\/PDF-2025-02-07-15-55-26-01059-Par-David-Moret-1536x1024.jpg 1536w, https:\/\/photosnum.com\/photosnum\/wp-content\/uploads\/2025\/02\/PDF-2025-02-07-15-55-26-01059-Par-David-Moret-2048x1366.jpg 2048w\" sizes=\"auto, (max-width: 2560px) 100vw, 2560px\" \/><\/figure>\n\n\n\n<figure class=\"wp-block-image size-full\"><img loading=\"lazy\" decoding=\"async\" width=\"2560\" height=\"1707\" data-id=\"587\" src=\"https:\/\/photosnum.com\/photosnum\/wp-content\/uploads\/2025\/02\/PDF-2025-02-07-15-54-03-01021-Par-David-Moret-scaled.jpg\" alt=\"\" class=\"wp-image-587\" srcset=\"https:\/\/photosnum.com\/photosnum\/wp-content\/uploads\/2025\/02\/PDF-2025-02-07-15-54-03-01021-Par-David-Moret-scaled.jpg 2560w, https:\/\/photosnum.com\/photosnum\/wp-content\/uploads\/2025\/02\/PDF-2025-02-07-15-54-03-01021-Par-David-Moret-300x200.jpg 300w, https:\/\/photosnum.com\/photosnum\/wp-content\/uploads\/2025\/02\/PDF-2025-02-07-15-54-03-01021-Par-David-Moret-1024x683.jpg 1024w, https:\/\/photosnum.com\/photosnum\/wp-content\/uploads\/2025\/02\/PDF-2025-02-07-15-54-03-01021-Par-David-Moret-768x512.jpg 768w, https:\/\/photosnum.com\/photosnum\/wp-content\/uploads\/2025\/02\/PDF-2025-02-07-15-54-03-01021-Par-David-Moret-1536x1024.jpg 1536w, https:\/\/photosnum.com\/photosnum\/wp-content\/uploads\/2025\/02\/PDF-2025-02-07-15-54-03-01021-Par-David-Moret-2048x1366.jpg 2048w\" sizes=\"auto, (max-width: 2560px) 100vw, 2560px\" \/><\/figure>\n\n\n\n<figure class=\"wp-block-image size-full\"><img loading=\"lazy\" decoding=\"async\" width=\"2560\" height=\"1707\" data-id=\"586\" src=\"https:\/\/photosnum.com\/photosnum\/wp-content\/uploads\/2025\/02\/PDF-2025-02-07-15-35-20-00924-Par-David-Moret-scaled.jpg\" alt=\"\" class=\"wp-image-586\" srcset=\"https:\/\/photosnum.com\/photosnum\/wp-content\/uploads\/2025\/02\/PDF-2025-02-07-15-35-20-00924-Par-David-Moret-scaled.jpg 2560w, https:\/\/photosnum.com\/photosnum\/wp-content\/uploads\/2025\/02\/PDF-2025-02-07-15-35-20-00924-Par-David-Moret-300x200.jpg 300w, https:\/\/photosnum.com\/photosnum\/wp-content\/uploads\/2025\/02\/PDF-2025-02-07-15-35-20-00924-Par-David-Moret-1024x683.jpg 1024w, https:\/\/photosnum.com\/photosnum\/wp-content\/uploads\/2025\/02\/PDF-2025-02-07-15-35-20-00924-Par-David-Moret-768x512.jpg 768w, https:\/\/photosnum.com\/photosnum\/wp-content\/uploads\/2025\/02\/PDF-2025-02-07-15-35-20-00924-Par-David-Moret-1536x1024.jpg 1536w, https:\/\/photosnum.com\/photosnum\/wp-content\/uploads\/2025\/02\/PDF-2025-02-07-15-35-20-00924-Par-David-Moret-2048x1366.jpg 2048w\" sizes=\"auto, (max-width: 2560px) 100vw, 2560px\" \/><\/figure>\n<\/figure>\n","protected":false},"excerpt":{"rendered":"<p>R\u00e9ouverture du parc des f\u00e9lins 2025. L&rsquo;impression est bizarre avec tous ces arbres \u00e0 terre.&#8230;<\/p>\n<div class=\"more-link-wrapper\"><a class=\"more-link\" href=\"https:\/\/photosnum.com\/photosnum\/2025\/02\/07\/parc-des-felins-2025\/\">Read the post<span class=\"screen-reader-text\">Parc des f\u00e9lins 2025<\/span><\/a><\/div>\n","protected":false},"author":1,"featured_media":588,"comment_status":"closed","ping_status":"closed","sticky":false,"template":"","format":"standard","meta":{"footnotes":""},"categories":[20],"tags":[29,25,11],"class_list":["post-590","post","type-post","status-publish","format-standard","has-post-thumbnail","hentry","category-animaux","tag-70200f2-8","tag-pas-de-recadrage","tag-z9","excerpt","zoom","full-without-featured","even","excerpt-0"],"_links":{"self":[{"href":"https:\/\/photosnum.com\/photosnum\/wp-json\/wp\/v2\/posts\/590","targetHints":{"allow":["GET"]}}],"collection":[{"href":"https:\/\/photosnum.com\/photosnum\/wp-json\/wp\/v2\/posts"}],"about":[{"href":"https:\/\/photosnum.com\/photosnum\/wp-json\/wp\/v2\/types\/post"}],"author":[{"embeddable":true,"href":"https:\/\/photosnum.com\/photosnum\/wp-json\/wp\/v2\/users\/1"}],"replies":[{"embeddable":true,"href":"https:\/\/photosnum.com\/photosnum\/wp-json\/wp\/v2\/comments?post=590"}],"version-history":[{"count":1,"href":"https:\/\/photosnum.com\/photosnum\/wp-json\/wp\/v2\/posts\/590\/revisions"}],"predecessor-version":[{"id":591,"href":"https:\/\/photosnum.com\/photosnum\/wp-json\/wp\/v2\/posts\/590\/revisions\/591"}],"wp:featuredmedia":[{"embeddable":true,"href":"https:\/\/photosnum.com\/photosnum\/wp-json\/wp\/v2\/media\/588"}],"wp:attachment":[{"href":"https:\/\/photosnum.com\/photosnum\/wp-json\/wp\/v2\/media?parent=590"}],"wp:term":[{"taxonomy":"category","embeddable":true,"href":"https:\/\/photosnum.com\/photosnum\/wp-json\/wp\/v2\/categories?post=590"},{"taxonomy":"post_tag","embeddable":true,"href":"https:\/\/photosnum.com\/photosnum\/wp-json\/wp\/v2\/tags?post=590"}],"curies":[{"name":"wp","href":"https:\/\/api.w.org\/{rel}","templated":true}]}}