{"id":906,"date":"2025-09-14T18:34:27","date_gmt":"2025-09-14T16:34:27","guid":{"rendered":"https:\/\/photosnum.com\/photosnum\/?p=906"},"modified":"2025-09-14T18:34:28","modified_gmt":"2025-09-14T16:34:28","slug":"je-redecouvre-mes-portraits-2025-09-14","status":"publish","type":"post","link":"https:\/\/photosnum.com\/photosnum\/2025\/09\/14\/je-redecouvre-mes-portraits-2025-09-14\/","title":{"rendered":"Je red\u00e9couvre mes portraits 2025-09-14"},"content":{"rendered":"\n<p>Je vais piocher dans mes anciennes photos pour red\u00e9couvrir ce que j&rsquo;ai pu faire ces derni\u00e8res ann\u00e9es. Cette photo a \u00e9t\u00e9 prise en 2015, et beaucoup de choses me plaisent dans cette photo que je n&rsquo;avais pas obligatoirement remarqu\u00e9 \u00e0 l&rsquo;\u00e9poque.<\/p>\n\n\n\n<figure class=\"wp-block-image size-full\"><img loading=\"lazy\" decoding=\"async\" width=\"2560\" height=\"1707\" src=\"https:\/\/photosnum.com\/photosnum\/wp-content\/uploads\/2025\/09\/Elodie-2015-01-30-0119-scaled.jpg\" alt=\"\" class=\"wp-image-904\" srcset=\"https:\/\/photosnum.com\/photosnum\/wp-content\/uploads\/2025\/09\/Elodie-2015-01-30-0119-scaled.jpg 2560w, https:\/\/photosnum.com\/photosnum\/wp-content\/uploads\/2025\/09\/Elodie-2015-01-30-0119-300x200.jpg 300w, https:\/\/photosnum.com\/photosnum\/wp-content\/uploads\/2025\/09\/Elodie-2015-01-30-0119-1024x683.jpg 1024w, https:\/\/photosnum.com\/photosnum\/wp-content\/uploads\/2025\/09\/Elodie-2015-01-30-0119-768x512.jpg 768w, https:\/\/photosnum.com\/photosnum\/wp-content\/uploads\/2025\/09\/Elodie-2015-01-30-0119-1536x1024.jpg 1536w, https:\/\/photosnum.com\/photosnum\/wp-content\/uploads\/2025\/09\/Elodie-2015-01-30-0119-2048x1366.jpg 2048w\" sizes=\"auto, (max-width: 2560px) 100vw, 2560px\" \/><\/figure>\n","protected":false},"excerpt":{"rendered":"<p>Je vais piocher dans mes anciennes photos pour red\u00e9couvrir ce que j&rsquo;ai pu faire ces&#8230;<\/p>\n<div class=\"more-link-wrapper\"><a class=\"more-link\" href=\"https:\/\/photosnum.com\/photosnum\/2025\/09\/14\/je-redecouvre-mes-portraits-2025-09-14\/\">Read the post<span class=\"screen-reader-text\">Je red\u00e9couvre mes portraits 2025-09-14<\/span><\/a><\/div>\n","protected":false},"author":1,"featured_media":904,"comment_status":"closed","ping_status":"closed","sticky":false,"template":"","format":"standard","meta":{"footnotes":""},"categories":[17],"tags":[31],"class_list":["post-906","post","type-post","status-publish","format-standard","has-post-thumbnail","hentry","category-portrait","tag-sony7m2","excerpt","zoom","full-without-featured","even","excerpt-0"],"_links":{"self":[{"href":"https:\/\/photosnum.com\/photosnum\/wp-json\/wp\/v2\/posts\/906","targetHints":{"allow":["GET"]}}],"collection":[{"href":"https:\/\/photosnum.com\/photosnum\/wp-json\/wp\/v2\/posts"}],"about":[{"href":"https:\/\/photosnum.com\/photosnum\/wp-json\/wp\/v2\/types\/post"}],"author":[{"embeddable":true,"href":"https:\/\/photosnum.com\/photosnum\/wp-json\/wp\/v2\/users\/1"}],"replies":[{"embeddable":true,"href":"https:\/\/photosnum.com\/photosnum\/wp-json\/wp\/v2\/comments?post=906"}],"version-history":[{"count":1,"href":"https:\/\/photosnum.com\/photosnum\/wp-json\/wp\/v2\/posts\/906\/revisions"}],"predecessor-version":[{"id":907,"href":"https:\/\/photosnum.com\/photosnum\/wp-json\/wp\/v2\/posts\/906\/revisions\/907"}],"wp:featuredmedia":[{"embeddable":true,"href":"https:\/\/photosnum.com\/photosnum\/wp-json\/wp\/v2\/media\/904"}],"wp:attachment":[{"href":"https:\/\/photosnum.com\/photosnum\/wp-json\/wp\/v2\/media?parent=906"}],"wp:term":[{"taxonomy":"category","embeddable":true,"href":"https:\/\/photosnum.com\/photosnum\/wp-json\/wp\/v2\/categories?post=906"},{"taxonomy":"post_tag","embeddable":true,"href":"https:\/\/photosnum.com\/photosnum\/wp-json\/wp\/v2\/tags?post=906"}],"curies":[{"name":"wp","href":"https:\/\/api.w.org\/{rel}","templated":true}]}}