{"id":922,"date":"2025-09-19T17:32:25","date_gmt":"2025-09-19T15:32:25","guid":{"rendered":"https:\/\/photosnum.com\/photosnum\/?p=922"},"modified":"2025-09-19T17:32:26","modified_gmt":"2025-09-19T15:32:26","slug":"je-redecouvre-mes-portraits-2025-09-19","status":"publish","type":"post","link":"https:\/\/photosnum.com\/photosnum\/2025\/09\/19\/je-redecouvre-mes-portraits-2025-09-19\/","title":{"rendered":"Je red\u00e9couvre mes portraits 2025-09-19"},"content":{"rendered":"\n<p>Une photo de mariage, avec une lumi\u00e8re assez difficile \u00e0 g\u00e9rer donc obligatoirement jolie.<\/p>\n\n\n\n<p>Aucun recadrage n&rsquo;a \u00e9t\u00e9 r\u00e9alis\u00e9, tous les \u00e9l\u00e9ments se positionnent parfaitement dans la photo.<\/p>\n\n\n\n<figure class=\"wp-block-image size-full\"><img loading=\"lazy\" decoding=\"async\" width=\"2560\" height=\"1704\" src=\"https:\/\/photosnum.com\/photosnum\/wp-content\/uploads\/2025\/09\/A-Q-2015-05-09-2082-scaled.jpg\" alt=\"\" class=\"wp-image-920\" srcset=\"https:\/\/photosnum.com\/photosnum\/wp-content\/uploads\/2025\/09\/A-Q-2015-05-09-2082-scaled.jpg 2560w, https:\/\/photosnum.com\/photosnum\/wp-content\/uploads\/2025\/09\/A-Q-2015-05-09-2082-300x200.jpg 300w, https:\/\/photosnum.com\/photosnum\/wp-content\/uploads\/2025\/09\/A-Q-2015-05-09-2082-1024x682.jpg 1024w, https:\/\/photosnum.com\/photosnum\/wp-content\/uploads\/2025\/09\/A-Q-2015-05-09-2082-768x511.jpg 768w, https:\/\/photosnum.com\/photosnum\/wp-content\/uploads\/2025\/09\/A-Q-2015-05-09-2082-1536x1022.jpg 1536w, https:\/\/photosnum.com\/photosnum\/wp-content\/uploads\/2025\/09\/A-Q-2015-05-09-2082-2048x1363.jpg 2048w\" sizes=\"auto, (max-width: 2560px) 100vw, 2560px\" \/><\/figure>\n","protected":false},"excerpt":{"rendered":"<p>Une photo de mariage, avec une lumi\u00e8re assez difficile \u00e0 g\u00e9rer donc obligatoirement jolie. Aucun&#8230;<\/p>\n<div class=\"more-link-wrapper\"><a class=\"more-link\" href=\"https:\/\/photosnum.com\/photosnum\/2025\/09\/19\/je-redecouvre-mes-portraits-2025-09-19\/\">Read the post<span class=\"screen-reader-text\">Je red\u00e9couvre mes portraits 2025-09-19<\/span><\/a><\/div>\n","protected":false},"author":1,"featured_media":920,"comment_status":"closed","ping_status":"closed","sticky":false,"template":"","format":"standard","meta":{"footnotes":""},"categories":[17],"tags":[25,16],"class_list":["post-922","post","type-post","status-publish","format-standard","has-post-thumbnail","hentry","category-portrait","tag-pas-de-recadrage","tag-portrait","excerpt","zoom","full-without-featured","even","excerpt-0"],"_links":{"self":[{"href":"https:\/\/photosnum.com\/photosnum\/wp-json\/wp\/v2\/posts\/922","targetHints":{"allow":["GET"]}}],"collection":[{"href":"https:\/\/photosnum.com\/photosnum\/wp-json\/wp\/v2\/posts"}],"about":[{"href":"https:\/\/photosnum.com\/photosnum\/wp-json\/wp\/v2\/types\/post"}],"author":[{"embeddable":true,"href":"https:\/\/photosnum.com\/photosnum\/wp-json\/wp\/v2\/users\/1"}],"replies":[{"embeddable":true,"href":"https:\/\/photosnum.com\/photosnum\/wp-json\/wp\/v2\/comments?post=922"}],"version-history":[{"count":1,"href":"https:\/\/photosnum.com\/photosnum\/wp-json\/wp\/v2\/posts\/922\/revisions"}],"predecessor-version":[{"id":923,"href":"https:\/\/photosnum.com\/photosnum\/wp-json\/wp\/v2\/posts\/922\/revisions\/923"}],"wp:featuredmedia":[{"embeddable":true,"href":"https:\/\/photosnum.com\/photosnum\/wp-json\/wp\/v2\/media\/920"}],"wp:attachment":[{"href":"https:\/\/photosnum.com\/photosnum\/wp-json\/wp\/v2\/media?parent=922"}],"wp:term":[{"taxonomy":"category","embeddable":true,"href":"https:\/\/photosnum.com\/photosnum\/wp-json\/wp\/v2\/categories?post=922"},{"taxonomy":"post_tag","embeddable":true,"href":"https:\/\/photosnum.com\/photosnum\/wp-json\/wp\/v2\/tags?post=922"}],"curies":[{"name":"wp","href":"https:\/\/api.w.org\/{rel}","templated":true}]}}